{"id":1,"date":"2016-02-22T12:01:50","date_gmt":"2016-02-22T11:01:50","guid":{"rendered":"http:\/\/www.tpba.debica.net\/?p=1"},"modified":"2016-02-22T12:46:25","modified_gmt":"2016-02-22T11:46:25","slug":"witamy","status":"publish","type":"post","link":"http:\/\/www.tpba.debica.net\/index.php\/2016\/02\/22\/witamy\/","title":{"rendered":"Witamy"},"content":{"rendered":"<p class=\"naglowekTresc\">Towarzystwo Pomocy im. \u015bw. Brata Alberta Ko\u0142o w D\u0119bicy<\/p>\n<p class=\"naglowekTresc\"><img decoding=\"async\" src=\"http:\/\/www.glos24.pl\/files\/nodes\/orginal\/28307n-1363619540t.jpg\" alt=\"\" \/><\/p>\n<p>Towarzystwo Pomocy im. \u015aw. Brata Alberta jest katolick\u0105, niezale\u017cn\u0105 organizacj\u0105 dobroczynn\u0105 nios\u0105c\u0105 pomoc bezdomnym m\u0119\u017cczyznom, kobietom, samotnym matkom, ofiarom przemocy, dzieciom z rodzin ubogich, wi\u0119\u017aniom oraz osobom starszym i chorym w duchu \u015aw. Brata Alberta.<\/p>\n<p>Ca\u0142o\u015b\u0107 zebranych \u015brodk\u00f3w zostanie przeznaczone na utworzenie Zak\u0142adu Opieku\u0144czo \u2013 Leczniczego i Piel\u0119gnacyjnego dla potrzebuj\u0105cych mieszka\u0144c\u00f3w powiatu d\u0119bickiego, kt\u00f3ry powstaje w D\u0119bicy w budynku przy ul. Sandomierskiej. Tworz\u0105c tym samym 150 miejsc godnego \u017cycia dla os\u00f3b starszych i chorych, biednych i samotnych kobiet oraz m\u0119\u017cczyzn. Towarzystwo walczy o ludzi najbiedniejszych z biednych.<\/p>\n<p>&nbsp;<\/p>\n<p align=\"center\"><strong>Towarzystwo Pomocy im. \u015bw. Brata Alberta Ko\u0142o w D\u0119bicy &#8211;<\/strong><\/p>\n<p align=\"center\"><strong>&#8211; Dom dla bezdomnych m\u0119\u017cczyzn w D\u0119bicy<\/strong><\/p>\n<p align=\"center\">ul. S\u0142oneczna 1<\/p>\n<p align=\"center\">39-200 D\u0119bica, tel. (14) 670 44 71<\/p>\n<p align=\"center\"><strong>Nr KRS 0000069581 z dopiskiem \u201eKo\u0142o w D\u0119bicy\u201d<\/strong><\/p>\n<p align=\"center\"><strong><a href=\"http:\/\/www.tpba.debica.net\">www.tpba.debica.net<\/a><\/strong><\/p>\n","protected":false},"excerpt":{"rendered":"<p>Towarzystwo Pomocy im. \u015bw. Brata Alberta Ko\u0142o w D\u0119bicy Towarzystwo Pomocy im. \u015aw. Brata Alberta jest katolick\u0105, niezale\u017cn\u0105 organizacj\u0105 dobroczynn\u0105 nios\u0105c\u0105 pomoc bezdomnym m\u0119\u017cczyznom, kobietom, samotnym matkom, ofiarom przemocy, dzieciom z rodzin ubogich, wi\u0119\u017aniom oraz osobom starszym i chorym w &hellip; <a href=\"http:\/\/www.tpba.debica.net\/index.php\/2016\/02\/22\/witamy\/\">Czytaj dalej <span class=\"meta-nav\">&rarr;<\/span><\/a><\/p>\n","protected":false},"author":1,"featured_media":0,"comment_status":"closed","ping_status":"closed","sticky":false,"template":"","format":"standard","meta":{"footnotes":""},"categories":[1],"tags":[],"_links":{"self":[{"href":"http:\/\/www.tpba.debica.net\/index.php\/wp-json\/wp\/v2\/posts\/1"}],"collection":[{"href":"http:\/\/www.tpba.debica.net\/index.php\/wp-json\/wp\/v2\/posts"}],"about":[{"href":"http:\/\/www.tpba.debica.net\/index.php\/wp-json\/wp\/v2\/types\/post"}],"author":[{"embeddable":true,"href":"http:\/\/www.tpba.debica.net\/index.php\/wp-json\/wp\/v2\/users\/1"}],"replies":[{"embeddable":true,"href":"http:\/\/www.tpba.debica.net\/index.php\/wp-json\/wp\/v2\/comments?post=1"}],"version-history":[{"count":3,"href":"http:\/\/www.tpba.debica.net\/index.php\/wp-json\/wp\/v2\/posts\/1\/revisions"}],"predecessor-version":[{"id":25,"href":"http:\/\/www.tpba.debica.net\/index.php\/wp-json\/wp\/v2\/posts\/1\/revisions\/25"}],"wp:attachment":[{"href":"http:\/\/www.tpba.debica.net\/index.php\/wp-json\/wp\/v2\/media?parent=1"}],"wp:term":[{"taxonomy":"category","embeddable":true,"href":"http:\/\/www.tpba.debica.net\/index.php\/wp-json\/wp\/v2\/categories?post=1"},{"taxonomy":"post_tag","embeddable":true,"href":"http:\/\/www.tpba.debica.net\/index.php\/wp-json\/wp\/v2\/tags?post=1"}],"curies":[{"name":"wp","href":"https:\/\/api.w.org\/{rel}","templated":true}]}}