{"id":136,"date":"2020-03-10T12:32:27","date_gmt":"2020-03-10T11:32:27","guid":{"rendered":"http:\/\/www.tpba.debica.net\/?p=136"},"modified":"2021-05-26T06:07:03","modified_gmt":"2021-05-26T04:07:03","slug":"program-operacyjny-pomoc-zywnosciowa-2014-2020-3","status":"publish","type":"post","link":"http:\/\/www.tpba.debica.net\/index.php\/2020\/03\/10\/program-operacyjny-pomoc-zywnosciowa-2014-2020-3\/","title":{"rendered":"PROGRAM OPERACYJNY POMOC \u017bYWNO\u015aCIOWA 2014-2020"},"content":{"rendered":"\n<figure class=\"wp-block-image\"><img loading=\"lazy\" decoding=\"async\" width=\"605\" height=\"78\" src=\"http:\/\/www.tpba.debica.net\/wp-content\/uploads\/image-2.png\" alt=\"\" class=\"wp-image-137\" srcset=\"http:\/\/www.tpba.debica.net\/wp-content\/uploads\/image-2.png 605w, http:\/\/www.tpba.debica.net\/wp-content\/uploads\/image-2-300x39.png 300w\" sizes=\"(max-width: 605px) 100vw, 605px\" \/><\/figure>\n\n\n\n<p><\/p>\n\n\n\n<p><strong>PROGRAM OPERACYJNY POMOC \u017bYWNO\u015aCIOWA 2014-2020<\/strong><\/p>\n\n\n\n<p><strong>JEST WSP\u00d3\u0141FINANSOWANY Z EUROPEJSKIEGO\nFUNDUSZU POMOCY NAJBARDZIEJ POTRZEBUJ\u0104CYM<\/strong><strong><\/strong><\/p>\n\n\n\n<p><strong>PODROGRAM 2019<\/strong><strong><\/strong><\/p>\n\n\n\n<p><strong>CELEM PROGRAMU <\/strong>jest zapewnienie najubo\u017cszym\nmieszka\u0144com Polski pomocy \u017cywno\u015bciowej oraz uczestnictwa w dzia\u0142aniach w ramach\n\u015brodk\u00f3w towarzysz\u0105cych w okresie&nbsp; grudzie\u0144\n2019 \u2013 lipiec 2020,&nbsp; a jej celami\nszczeg\u00f3\u0142owymi s\u0105:<\/p>\n\n\n\n<ol><li>organizacja\ni koordynacja sieci dystrybucji pomocy \u017cywno\u015bciowej sk\u0142adaj\u0105cej si\u0119 z\norganizacji partnerskich lokalnych, zwanych dalej <strong>OPL<\/strong>, zgodnie z\nzasadami PO P\u017b,<ol><li>racjonalne\nzagospodarowanie artyku\u0142\u00f3w spo\u017cywczych otrzymanych z OPO oraz z innych \u017ar\u00f3de\u0142,\nna potrzeby udzielania pomocy \u017cywno\u015bciowej osobom najbardziej potrzebuj\u0105cym,<\/li><\/ol><ol><li>przekazanie\nartyku\u0142\u00f3w spo\u017cywczych osobom zakwalifikowanym do otrzymania pomocy \u017cywno\u015bciowej\nzgodnie z zasadami PO P\u017b,<\/li><\/ol><ol><li>prowadzenie\ndzia\u0142a\u0144 w ramach \u015brodk\u00f3w towarzysz\u0105cych w\u015br\u00f3d os\u00f3b najbardziej potrzebuj\u0105cych\nzakwalifikowanych do obj\u0119cia pomoc\u0105 \u017cywno\u015bciow\u0105, maj\u0105cych na celu w\u0142\u0105czenie\nspo\u0142eczne.<\/li><\/ol><\/li><\/ol>\n\n\n\n<p><strong>OKRES DYSTRYBUCJI\n\u017bYWNO\u015aCI:&nbsp; <\/strong>grudzie\u0144 2019 \u2013 lipiec 2020<\/p>\n\n\n\n<p>Pomoc\n\u017cywno\u015bciowa dystrybuowana jest przez <strong>Podkarpacki\nBank \u017bywno\u015bci<\/strong>&nbsp;&nbsp; [OPR] do Organizacji\nPartnerskiej Lokalnej [OPL] <strong>na terenie\nwojew\u00f3dztwa podkarpackiego,<\/strong> kt\u00f3ra przekazuje \u017cywno\u015b\u0107 bezpo\u015brednio do os\u00f3b\npotrzebuj\u0105cych. <\/p>\n\n\n\n<p><strong>&nbsp;KRYTERIA KWALIFIKOWALNO\u015aCI I SPOS\u00d3B\nKWALIFIKACJI:<\/strong><\/p>\n\n\n\n<ol><li>Pomoc w ramach\nPOP\u017b kierowana jest do tych os\u00f3b i rodzin, kt\u00f3re z powodu niskich dochod\u00f3w nie\nmog\u0105 zapewni\u0107 sobie\/rodzinie odpowiednich produkt\u00f3w \u017cywno\u015bciowych (posi\u0142k\u00f3w) i\ndlatego te\u017c trafia\u0107 b\u0119dzie do ograniczonej liczby os\u00f3b znajduj\u0105cych si\u0119 w\nnajtrudniejszej sytuacji \u017cyciowej (okre\u015blonej przes\u0142ankami z art. 7 ustawy o\npomocy spo\u0142ecznej oraz poziomem dochod\u00f3w odniesionych do procentowej warto\u015bci\nodpowiedniego kryterium dochodowego okre\u015blonego w tej ustawie &#8211; kt\u00f3rych doch\u00f3d\nnie przekracza 200% kryterium dochodowego uprawniaj\u0105cego do skorzystania z\npomocy spo\u0142ecznej,&nbsp; <strong>tj. 1 402 PLN dla osoby samotnie gospodaruj\u0105cej i 1 056 PLN dla osoby w\nrodzinie, <\/strong>stanowi\u0105c systematyczne wsparcie. Pomoc udzielana b\u0119dzie w\npostaci artyku\u0142\u00f3w spo\u017cywczych lub posi\u0142k\u00f3w, kt\u00f3re b\u0119d\u0105 przekazywane osobom\nnajbardziej potrzebuj\u0105cym bezp\u0142atnie.<strong><\/strong><\/li><li>Spos\u00f3b kwalifikacji:<strong><\/strong><\/li><\/ol>\n\n\n\n<ul><li>OPS b\u0119d\u0105\n     wydawa\u0107 osobom potrzebuj\u0105cym skierowania do otrzymania pomocy\n     \u017cywno\u015bciowej&nbsp; lub przekazywa\u0107 OPL listy os\u00f3b zakwalifikowanych do\n     pomocy&nbsp; z POP\u017b, pod warunkiem uzyskania zgody tych os\u00f3b;<\/li><li>OPL mog\u0105 w\n     swoich siedzibach przyjmowa\u0107 o\u015bwiadczenia od os\u00f3b kwalifikuj\u0105cych si\u0119 do\n     przyznania pomocy \u017cywno\u015bciowej [za\u0142\u0105cznik nr 5 do wytycznych].\n     O\u015bwiadczenia wraz z wype\u0142nionym skierowaniem&nbsp; przekazywane b\u0119d\u0105 do\n     OPS, , kt\u00f3ry potwierdza do kwalifikowalno\u015b\u0107 do przyznania pomocy;<\/li><li>OPL mog\u0105\n     samodzielnie kwalifikowa\u0107 wy\u0142\u0105cznie osoby bezdomne do udzia\u0142u&nbsp; w POP\u017b\n     na podstawie podpisanego o\u015bwiadczenia&nbsp; [za\u0142\u0105cznik nr 6 do\n     wytycznych].<\/li><\/ul>\n\n\n\n<p>&nbsp;<strong>ZASADY\nPRZEKAZYWANIA ARTYKU\u0141\u00d3W SPO\u017bYWCZYCH:<\/strong><\/p>\n\n\n\n<p>Pomoc \u017cywno\u015bciowa\njest przekazywana osobom najbardziej potrzebuj\u0105cym za po\u015brednictwem Organizacji\nPartnerskich Lokalnych <strong>jako zestaw\nartyku\u0142\u00f3w spo\u017cywczych w formie paczek \u017cywno\u015bciowych lub posi\u0142k\u00f3w. <\/strong><strong><\/strong><\/p>\n\n\n\n<ol><li><strong>Zestaw roczny\nartyku\u0142\u00f3w spo\u017cywczych w Podprogramie<\/strong> 2019 obejmuje\nartyku\u0142y spo\u017cywcze w \u0142\u0105cznej ilo\u015bci ok. 48 kg w tym:<ol><li>&nbsp;Artyku\u0142y\nwarzywne i owocowe:<ol><li>groszek z marchewk\u0105 3,2 kg,<\/li><\/ol><ol><li>fasola bia\u0142a 3,2 kg, <\/li><\/ol><ol><li>koncentrat pomidorowy 1,12 kg,<\/li><\/ol><ol><li>buraczki wi\u00f3rki 1,05 kg,<\/li><\/ol><ol><li>powid\u0142a \u015bliwkowe 1,80 kg,<\/li><\/ol><ol><li>sok jab\u0142kowy klarowny 4l<\/li><\/ol><\/li><\/ol><\/li><li>Artyku\u0142y skrobiowe:<ol><li>makaron jajeczny 4,5 kg,<\/li><\/ol><ol><li>makaron kukurydziany bezglutenowy 1 kg<\/li><\/ol><ol><li>ry\u017c bia\u0142y 3 kg,<\/li><\/ol><ol><li>kasza gryczana 1,5 kg,<\/li><\/ol><ol><li>herbatniki ma\u015blane 0,8 kg,<\/li><\/ol><\/li><li>Artyku\u0142y mleczne:<ol><li>mleko UHT 7 l,<\/li><\/ol><ol><li>ser podpuszczkowy dojrzewaj\u0105cy 2 kg,<\/li><\/ol><\/li><li>Artyku\u0142y mi\u0119sne:<ol><li>szynka drobiowa 2,7 kg,<\/li><\/ol><ol><li>pasztet wieprzowy 0,48 kg,<\/li><\/ol><ol><li>filet z makreli w oleju 1,53 kg,<\/li><\/ol><\/li><li>Cukier<ol><li>cukier bia\u0142y 4 kg,<\/li><\/ol><\/li><li>T\u0142uszcze<ol><li>olej rzepakowy 4 l,<\/li><\/ol><\/li><li>Dania gotowe<ol><li>go\u0142\u0105bki w sosie pomidorowym 1,7 kg;<\/li><\/ol><\/li><li><strong>Paczka \u017cywno\u015bciowa<\/strong>&nbsp; to minimum kilka artyku\u0142\u00f3w\nspo\u017cywczych [co najmniej 3]&nbsp; z r\u00f3\u017cnych grup towarowych&nbsp; wydawanych\njednorazowo. Uznaje si\u0119 za dopuszczalne aby organizacje jednorazowo wydawa\u0142y\nartyku\u0142y \u017cywno\u015bciowe bez ogranicze\u0144 co do minimalnej liczby produkt\u00f3w w\npojedynczym wydaniu. Zestaw artyku\u0142\u00f3w spo\u017cywczych na Podprogram 2019 okre\u015blony\njest dla jednego odbiorcy ko\u0144cowego, zar\u00f3wno dla osoby samotnie gospodaruj\u0105cej\njak i dla osoby w rodzinie. Pomoc \u017cywno\u015bciowa w formie paczek \u017cywno\u015bciowych\npowinna by\u0107 wydawana osobom najbardziej potrzebuj\u0105cym r\u00f3wnomiernie w trakcie\nca\u0142ego okresu dystrybucji w Podprogramie 2019.<\/li><li><strong>Posi\u0142ek <\/strong>&nbsp;to ka\u017cdy posi\u0142ek przygotowany w OPL, np.\njad\u0142odajnie, schroniska dla os\u00f3b bezdomnych] do tego przeznaczone: \u015bniadanie,\nII \u015bniadanie, obiad \u2013 w szczeg\u00f3lno\u015bci&nbsp; gor\u0105cy posi\u0142ek, podwieczorek,\nkolacja]. posi\u0142ki do spo\u017cycia\nna miejscu s\u0105 przygotowywane i wydawane w plac\u00f3wkach posiadaj\u0105cych zaplecze\nkuchenne (m.in. w schroniskach dla bezdomnych, jad\u0142odajniach, noclegowniach) z\nwy\u0142\u0105czeniem \u015bwiadczenia us\u0142ug firm zewn\u0119trznych (np. catering).<\/li><li>W przypadku\ngdy liczba os\u00f3b uprawnionych do pomocy \u017cywno\u015bciowej zg\u0142aszaj\u0105cych si\u0119 w trakcie\nrealizacji Podprogramu 2019 jest wi\u0119ksza ni\u017c do danej OPR\/OPL b\u0119dzie wi\u0119ksza\nni\u017c planowana, Instytucja Zarz\u0105dzaj\u0105ca dopuszcza zmniejszenie zestawu rocznego\ndla 1 osoby, nie wi\u0119cej jednak\u017ce ni\u017c do 80% jego ca\u0142kowitej ilo\u015bci (tj. do ok.\n38,8kg). W zestawie nale\u017cy w miar\u0119 mo\u017cliwo\u015bci uwzgl\u0119dni\u0107 produkty ze wszystkich\n7 grup artyku\u0142\u00f3w spo\u017cywczych.<\/li><li>W&nbsp; uzasadnionych sytuacjach np. stan zdrowia lub\nindywidualne potrzeby \u017cywno\u015bciowe&nbsp; mo\u017cna zmieni\u0107 artyku\u0142 spo\u017cywczy na inny\nw odpowiedniej proporcji&nbsp; lub zwi\u0119kszy\u0107 liczb\u0119 opakowa\u0144.<\/li><li>W przypadku rodzin z dzie\u0107mi dopuszcza si\u0119 zwi\u0119kszenie\nliczby opakowa\u0144 artyku\u0142\u00f3w spo\u017cywczych do potrzeb rodzin .<\/li><li><strong>\u017bywno\u015b\u0107 jest wydawana osobom potrzebuj\u0105cym&nbsp; w\nramach POP\u017b nieodp\u0142atnie.<\/strong><\/li><\/ol>\n\n\n\n<p><strong>SK\u0141ADANIE SKARG\nPRZEZ OSOBY NAJBARDZIEJ POTRZEBUJ\u0104CE:<\/strong><\/p>\n\n\n\n<p>Ka\u017cda osoba\npotrzebuj\u0105ca ma prawo z\u0142o\u017cenia skargi dotycz\u0105cej sposobu dystrybucji&nbsp;\n\u017cywno\u015b\u0107 do lokalnego Banku \u017bywno\u015bci, nast\u0119pnie do &nbsp;Federacji Polskich Bank\u00f3w \u017bywno\u015bci z siedzib\u0105\nw Warszawie albo do Instytucji Zarz\u0105dzaj\u0105cej &#8211; Ministra Rodziny, Pracy i\nPolityki Spo\u0142ecznej.&nbsp;<\/p>\n\n\n\n<p><strong>DZIA\u0141ANIA\nTOWARZYSZ\u0104CE:<\/strong><\/p>\n\n\n\n<p>Dzia\u0142ania\nrealizowane przez Bank \u017bywno\u015bci na rzecz podopiecznych OPL, przy wsp\u00f3\u0142pracy z\nOPL i OPS:<\/p>\n\n\n\n<ul><li>warsztaty kulinarne;&nbsp;<\/li><li>warsztaty edukacji ekonomicznej;<\/li><li>warsztaty dietetyczne;<\/li><li>warsztaty niemarnowania \u017cywno\u015bci,<\/li><li>inne dzia\u0142ania o charakterze indywidualnym i zbiorowym charakterze\n     akcyjnym lub cyklicznym, maj\u0105ce na celu w\u0142\u0105czenie spo\u0142eczne najbardziej\n     potrzebuj\u0105cych<\/li><\/ul>\n\n\n\n<p>Dzia\u0142ania\nrealizowane s\u0105 w siedzibie organizacji bior\u0105cej udzia\u0142 w Podprogramie lub w\nmiejscu wyznaczonym przez organizacj\u0119 na rzecz podopiecznych, kt\u00f3rzy zostali\nzakwalifikowani do otrzymania pomocy \u017cywno\u015bciowej, w pobli\u017cu ich miejsca\nzamieszkania. Terminy oraz miejsca realizacji warsztat\u00f3w znajduj\u0105 si\u0119 na\nstronach internetowych Bank\u00f3w \u017bywno\u015bci.<\/p>\n\n\n\n<p>Dzia\u0142ania\nrealizowane przez Organizacje Partnerskie Lokalne na rzecz podopiecznych to:<\/p>\n\n\n\n<ul><li>w\u0142\u0105czenie os\u00f3b do\u015bwiadczaj\u0105cych deprywacji\n     materialnej w funkcjonowanie spo\u0142eczno\u015bci lokalnych, np.: zaj\u0119cia\n     aktywizuj\u0105ce i wsp\u00f3lne inicjatywy na rzecz spo\u0142eczno\u015bci lokalnej,\n     zmierzaj\u0105ce do wyj\u015bcia z ub\u00f3stwa;<\/li><li>grupy wsparcia dla r\u00f3\u017cnych kategorii os\u00f3b w\n     trudnej sytuacji (np. osoby starsze, matki z dzie\u0107mi, osoby samotne);<\/li><li>pomoc towarzysz\u0105ca niezb\u0119dna do zaspokajania\n     podstawowych potrzeb \u017cyciowych \u2013 os\u00f3b korzystaj\u0105cych z pomocy \u017cywno\u015bciowej\n     (z wy\u0142\u0105czeniem pomocy rzeczowej);<\/li><li>pomoc w utrzymaniu higieny osobistej osobom\n     bezdomnym;<\/li><li>wsparcie psychologiczne\/terapeutyczne os\u00f3b\n     zagro\u017conych wykluczeniem spo\u0142ecznym.<\/li><\/ul>\n\n\n\n<p><strong>Do udzia\u0142u w dzia\u0142aniach towarzysz\u0105cych ma prawo ka\u017cda osoba<\/strong>,\u00a0<strong>kt\u00f3ra otrzyma\u0142a skierowanie z OPS<\/strong>\u00a0do odbioru wsparcia \u017cywno\u015bciowego w ramach POP\u017b \u2013 ale nie znaczy to, \u017ce ka\u017cda osoba musi z nich skorzysta\u0107. Konieczna jest wsp\u00f3\u0142praca z OPS w zakresie rzeczywistych potrzeb obj\u0119cia wsparciem dzia\u0142aniami os\u00f3b, kt\u00f3re korzystaj\u0105 z POP\u017b. Dzia\u0142ania nie mog\u0105 si\u0119 pokrywa\u0107 z dzia\u0142aniami prowadzonymi w ramach innych funduszy unijnych (EFS i PROW) w danym wojew\u00f3dztwie, ale musz\u0105 by\u0107 z nimi komplementarne.<\/p>\n\n\n\n<p><\/p>\n\n\n\n<figure class=\"wp-block-image\"><img loading=\"lazy\" decoding=\"async\" width=\"605\" height=\"78\" src=\"http:\/\/www.tpba.debica.net\/wp-content\/uploads\/image-3.png\" alt=\"\" class=\"wp-image-138\" srcset=\"http:\/\/www.tpba.debica.net\/wp-content\/uploads\/image-3.png 605w, http:\/\/www.tpba.debica.net\/wp-content\/uploads\/image-3-300x39.png 300w\" sizes=\"(max-width: 605px) 100vw, 605px\" \/><\/figure>\n","protected":false},"excerpt":{"rendered":"<p>PROGRAM OPERACYJNY POMOC \u017bYWNO\u015aCIOWA 2014-2020 JEST WSP\u00d3\u0141FINANSOWANY Z EUROPEJSKIEGO FUNDUSZU POMOCY NAJBARDZIEJ POTRZEBUJ\u0104CYM PODROGRAM 2019 CELEM PROGRAMU jest zapewnienie najubo\u017cszym mieszka\u0144com Polski pomocy \u017cywno\u015bciowej oraz uczestnictwa w dzia\u0142aniach w ramach \u015brodk\u00f3w towarzysz\u0105cych w okresie&nbsp; grudzie\u0144 2019 \u2013 lipiec 2020,&nbsp; a &hellip; <a href=\"http:\/\/www.tpba.debica.net\/index.php\/2020\/03\/10\/program-operacyjny-pomoc-zywnosciowa-2014-2020-3\/\">Czytaj dalej <span class=\"meta-nav\">&rarr;<\/span><\/a><\/p>\n","protected":false},"author":1,"featured_media":0,"comment_status":"closed","ping_status":"closed","sticky":false,"template":"","format":"standard","meta":{"footnotes":""},"categories":[1],"tags":[],"_links":{"self":[{"href":"http:\/\/www.tpba.debica.net\/index.php\/wp-json\/wp\/v2\/posts\/136"}],"collection":[{"href":"http:\/\/www.tpba.debica.net\/index.php\/wp-json\/wp\/v2\/posts"}],"about":[{"href":"http:\/\/www.tpba.debica.net\/index.php\/wp-json\/wp\/v2\/types\/post"}],"author":[{"embeddable":true,"href":"http:\/\/www.tpba.debica.net\/index.php\/wp-json\/wp\/v2\/users\/1"}],"replies":[{"embeddable":true,"href":"http:\/\/www.tpba.debica.net\/index.php\/wp-json\/wp\/v2\/comments?post=136"}],"version-history":[{"count":1,"href":"http:\/\/www.tpba.debica.net\/index.php\/wp-json\/wp\/v2\/posts\/136\/revisions"}],"predecessor-version":[{"id":139,"href":"http:\/\/www.tpba.debica.net\/index.php\/wp-json\/wp\/v2\/posts\/136\/revisions\/139"}],"wp:attachment":[{"href":"http:\/\/www.tpba.debica.net\/index.php\/wp-json\/wp\/v2\/media?parent=136"}],"wp:term":[{"taxonomy":"category","embeddable":true,"href":"http:\/\/www.tpba.debica.net\/index.php\/wp-json\/wp\/v2\/categories?post=136"},{"taxonomy":"post_tag","embeddable":true,"href":"http:\/\/www.tpba.debica.net\/index.php\/wp-json\/wp\/v2\/tags?post=136"}],"curies":[{"name":"wp","href":"https:\/\/api.w.org\/{rel}","templated":true}]}}