{"id":217,"date":"2021-06-17T09:49:06","date_gmt":"2021-06-17T07:49:06","guid":{"rendered":"http:\/\/www.tpba.debica.net\/?p=217"},"modified":"2021-07-06T08:40:55","modified_gmt":"2021-07-06T06:40:55","slug":"program-operacyjny-pomoc-zywnosciowa-2014-2020-jest-wspolfinansowany-ze-srodkow-unii-europejskiej-w-ramach-europejskiego-funduszu-pomocy-najbardziej-potrzebujacych","status":"publish","type":"post","link":"http:\/\/www.tpba.debica.net\/index.php\/2021\/06\/17\/program-operacyjny-pomoc-zywnosciowa-2014-2020-jest-wspolfinansowany-ze-srodkow-unii-europejskiej-w-ramach-europejskiego-funduszu-pomocy-najbardziej-potrzebujacych\/","title":{"rendered":"Program Operacyjny Pomoc \u017bywno\u015bciowa 2014-2020 jest   wsp\u00f3\u0142finansowany ze \u015brodk\u00f3w Unii Europejskiej w ramach Europejskiego Funduszu Pomocy Najbardziej Potrzebuj\u0105cych."},"content":{"rendered":"\n<figure class=\"wp-block-image size-large is-resized\"><img loading=\"lazy\" decoding=\"async\" src=\"http:\/\/www.tpba.debica.net\/wp-content\/uploads\/POPZ-logotypy_maksi-1-1024x206.jpg\" alt=\"\" class=\"wp-image-219\" width=\"671\" height=\"134\" srcset=\"http:\/\/www.tpba.debica.net\/wp-content\/uploads\/POPZ-logotypy_maksi-1-1024x206.jpg 1024w, http:\/\/www.tpba.debica.net\/wp-content\/uploads\/POPZ-logotypy_maksi-1-300x60.jpg 300w, http:\/\/www.tpba.debica.net\/wp-content\/uploads\/POPZ-logotypy_maksi-1.jpg 1488w\" sizes=\"(max-width: 671px) 100vw, 671px\" \/><\/figure>\n\n\n\n<p class=\"has-text-align-center has-medium-font-size\">TPBA Ko\u0142o w D\u0119bicy&nbsp;informuje, \u017ce w dniu<\/p>\n\n\n\n<p class=\"has-text-align-center has-medium-font-size\"><strong>\u00a07 lipca\u00a02021\u00a0wgodz. 9:00-11:00 , 11:00-13:00, 13:00-15:00\u00a0<\/strong><\/p>\n\n\n\n<p class=\"has-text-align-center has-medium-font-size\">przy ul. Brata Alberta 2 , <\/p>\n\n\n\n<p class=\"has-text-align-center has-medium-font-size\">odb\u0119d\u0105 si\u0119 warsztaty kulinarne&nbsp; w plenerze&nbsp; &nbsp;jako dzia\u0142ania towarzysz\u0105ce <\/p>\n\n\n\n<p class=\"has-text-align-center has-medium-font-size\">w ramach Programu Operacyjnego Pomoc \u017bywno\u015bciowa 2014 &#8211; 2020 <\/p>\n\n\n\n<p class=\"has-text-align-center has-medium-font-size\">wsp\u00f3\u0142finansowanego z Europejskiego Funduszu Pomocy Najbardziej Potrzebuj\u0105cym w Podprogramie 2020<\/p>\n\n\n\n<p class=\"has-text-align-center has-medium-font-size\"><br>Oferta kierowana jest do uczestnik\u00f3w ww. programu. <\/p>\n\n\n\n<p class=\"has-text-align-center has-medium-font-size\">W ramach warsztat\u00f3w uczestnicy zapoznaj\u0105 si\u0119 z zasadami prawid\u0142owego \u017cywienia.<\/p>\n\n\n\n<p class=\"has-text-align-center has-medium-font-size\"><br>Udzia\u0142 w warsztatach jest bezp\u0142atny.<\/p>\n\n\n\n<p class=\"has-text-align-center has-large-font-size\"><br>Zapraszamy!<\/p>\n\n\n\n<figure class=\"wp-block-gallery columns-1 is-cropped wp-block-gallery-1 is-layout-flex wp-block-gallery-is-layout-flex\"><ul class=\"blocks-gallery-grid\"><li class=\"blocks-gallery-item\"><figure><img loading=\"lazy\" decoding=\"async\" width=\"1024\" height=\"206\" src=\"http:\/\/www.tpba.debica.net\/wp-content\/uploads\/POPZ-logotypy_maksi-1024x206.jpg\" alt=\"\" data-id=\"218\" data-full-url=\"http:\/\/www.tpba.debica.net\/wp-content\/uploads\/POPZ-logotypy_maksi.jpg\" data-link=\"http:\/\/www.tpba.debica.net\/?attachment_id=218\" class=\"wp-image-218\" srcset=\"http:\/\/www.tpba.debica.net\/wp-content\/uploads\/POPZ-logotypy_maksi-1024x206.jpg 1024w, http:\/\/www.tpba.debica.net\/wp-content\/uploads\/POPZ-logotypy_maksi-300x60.jpg 300w, http:\/\/www.tpba.debica.net\/wp-content\/uploads\/POPZ-logotypy_maksi.jpg 1488w\" sizes=\"(max-width: 1024px) 100vw, 1024px\" \/><\/figure><\/li><\/ul><\/figure>\n","protected":false},"excerpt":{"rendered":"<p>TPBA Ko\u0142o w D\u0119bicy&nbsp;informuje, \u017ce w dniu \u00a07 lipca\u00a02021\u00a0wgodz. 9:00-11:00 , 11:00-13:00, 13:00-15:00\u00a0 przy ul. Brata Alberta 2 , odb\u0119d\u0105 si\u0119 warsztaty kulinarne&nbsp; w plenerze&nbsp; &nbsp;jako dzia\u0142ania towarzysz\u0105ce w ramach Programu Operacyjnego Pomoc \u017bywno\u015bciowa 2014 &#8211; 2020 wsp\u00f3\u0142finansowanego z Europejskiego &hellip; <a href=\"http:\/\/www.tpba.debica.net\/index.php\/2021\/06\/17\/program-operacyjny-pomoc-zywnosciowa-2014-2020-jest-wspolfinansowany-ze-srodkow-unii-europejskiej-w-ramach-europejskiego-funduszu-pomocy-najbardziej-potrzebujacych\/\">Czytaj dalej <span class=\"meta-nav\">&rarr;<\/span><\/a><\/p>\n","protected":false},"author":1,"featured_media":0,"comment_status":"closed","ping_status":"closed","sticky":true,"template":"","format":"standard","meta":{"footnotes":""},"categories":[1],"tags":[],"_links":{"self":[{"href":"http:\/\/www.tpba.debica.net\/index.php\/wp-json\/wp\/v2\/posts\/217"}],"collection":[{"href":"http:\/\/www.tpba.debica.net\/index.php\/wp-json\/wp\/v2\/posts"}],"about":[{"href":"http:\/\/www.tpba.debica.net\/index.php\/wp-json\/wp\/v2\/types\/post"}],"author":[{"embeddable":true,"href":"http:\/\/www.tpba.debica.net\/index.php\/wp-json\/wp\/v2\/users\/1"}],"replies":[{"embeddable":true,"href":"http:\/\/www.tpba.debica.net\/index.php\/wp-json\/wp\/v2\/comments?post=217"}],"version-history":[{"count":3,"href":"http:\/\/www.tpba.debica.net\/index.php\/wp-json\/wp\/v2\/posts\/217\/revisions"}],"predecessor-version":[{"id":225,"href":"http:\/\/www.tpba.debica.net\/index.php\/wp-json\/wp\/v2\/posts\/217\/revisions\/225"}],"wp:attachment":[{"href":"http:\/\/www.tpba.debica.net\/index.php\/wp-json\/wp\/v2\/media?parent=217"}],"wp:term":[{"taxonomy":"category","embeddable":true,"href":"http:\/\/www.tpba.debica.net\/index.php\/wp-json\/wp\/v2\/categories?post=217"},{"taxonomy":"post_tag","embeddable":true,"href":"http:\/\/www.tpba.debica.net\/index.php\/wp-json\/wp\/v2\/tags?post=217"}],"curies":[{"name":"wp","href":"https:\/\/api.w.org\/{rel}","templated":true}]}}